{"id":78,"date":"2012-07-26T07:39:58","date_gmt":"2012-07-26T07:39:58","guid":{"rendered":"http:\/\/stage.studioperforma.it\/?p=78"},"modified":"2017-07-19T08:52:17","modified_gmt":"2017-07-19T08:52:17","slug":"ravone","status":"publish","type":"post","link":"https:\/\/studioperforma.it\/it\/ravone\/","title":{"rendered":"Programma di Trasformazione Urbanistica Area Ravone"},"content":{"rendered":"<p><\/p>\n<p style=\"margin: 0cm; margin-bottom: .0001pt; text-align: justify; text-justify: inter-ideograph;\"><span style=\"color: black; mso-ansi-language: IT;\">Il programma di conversione dell\u2019area Ravone s\u2019inserisce all\u2019interno di un contesto urbano e territoriale complesso perch\u00e9 oggetto di numerose trasformazioni, future o in corso di realizzazione. L\u2019ambito oggetto di intervento si insinua tra il torrente Ravone e il piano ferrato, configurandosi come una \u201cvirgola\u201d allungata in direzione est ovest, del tutto avulsa rispetto al tessuto storico ottocentesco circostante.<\/span><\/p>\n<p style=\"margin: 0cm; margin-bottom: .0001pt; text-align: justify; text-justify: inter-ideograph;\"><span style=\"color: black; mso-ansi-language: IT;\">L\u2019ipotesi di progetto riconosce al torrente Ravone il ruolo di asse d\u2019impianto di un nuovo sistema verde, che confluisce nel parco territoriale del Reno; parallelamente, il riammagliamento con i quartieri limitrofi definisce un tessuto urbano a quattro fasce, in ciascuna delle quali verde e costruito si relazionano con modalit\u00e0 differenti. Il corridoio verde di connessione con il parco del Reno entra nell\u2019area del Ravone attraverso un sistema digitato, complementare al disegno di riammagliamento del costruito esistente.<\/span><\/p>\n<p style=\"margin: 0cm; margin-bottom: .0001pt; text-align: justify; text-justify: inter-ideograph;\"><span style=\"color: black; mso-ansi-language: IT;\">La nuova Sussidiaria alla via Emilia Ponente assume le valenze di asse di collegamento tra il sistema della viabilit\u00e0 sovra-comunale e il nuovo parcheggio scambiatore ex Tanari, testata di ingresso all\u2019ampia dotazione ambientale ecologica a nord della sussidiaria.<\/span><\/p>\n<p style=\"margin: 0cm; margin-bottom: .0001pt; text-align: justify; text-justify: inter-ideograph;\"><span style=\"color: black; mso-ansi-language: IT;\">A partire da una tipologia insediativa ad isolato urbano perimetralmente chiuso di matrice ottocentesca, il nuovo impianto si modifica rendendosi sempre pi\u00f9 permeabile da nord verso sud e relazionandosi al tessuto urbano consolidato. \u00c8 evidente la volont\u00e0 di una forte integrazione tra verde pubblico, verde pertinenziale e costruito, in una logica complessiva che massimizza la sostenibilit\u00e0 ambientale ed energetica del progetto.<\/span><\/p>\n<p style=\"margin: 0cm; margin-bottom: .0001pt; text-align: justify; text-justify: inter-ideograph;\"><span style=\"color: black; mso-ansi-language: IT;\">Sono distinguibili due logiche di tessuto edilizio: la prima, con tipi a corte, garantisce alta densit\u00e0, mix funzionale, e al contempo controllo qualitativo e ambientale degli spazi pertinenziali. La seconda, con edifici in linea di altezza variabile, \u00e8 a minor densit\u00e0 e ha carattere prevalentemente residenziale. Procedendo in direzione ovest, l\u2019edificato cresce in altezza, liberando progressivamente la superficie disponibile.<\/span><\/p>\n<p style=\"margin: 0cm; margin-bottom: .0001pt; text-align: justify; text-justify: inter-ideograph;\"><span style=\"color: black; mso-ansi-language: IT;\">La nuova stazione ponte SFM Prati di Caprara diviene asse di connessione nord e sud. A nord, il tessuto edilizio si articola in una serie di percorsi che distribuiscono i flussi verso il nuovo quartiere del Lazzaretto. A sud, interseca con un innesto a \u201cT\u201d il corridoio verde, risultando nel contempo connessa alla piastra che garantisce la continuit\u00e0 ciclo-pedonale est-ovest all\u2019interno del parco lineare.<\/span><\/p>\n<p class=\"MsoNormal\"><span style=\"mso-ansi-language: IT;\">\u00a0<\/span><\/p>\n<p style=\"text-align: justify;\"><span style=\"mso-ansi-language: IT;\">\u00a0<\/span><\/p>\n<p><\/p>","protected":false},"excerpt":{"rendered":"<p>Il programma di conversione dell\u2019area Ravone s\u2019inserisce all\u2019interno di un contesto urbano e territoriale complesso perch\u00e9 oggetto di numerose trasformazioni, future o in corso di realizzazione. L\u2019ambito oggetto di intervento si insinua tra il torrente Ravone e il piano ferrato, configurandosi come una \u201cvirgola\u201d allungata in direzione est ovest, del tutto avulsa rispetto al tessuto [&hellip;]<\/p>\n","protected":false},"author":1,"featured_media":143,"comment_status":"closed","ping_status":"closed","sticky":false,"template":"","format":"standard","meta":{"_acf_changed":false,"footnotes":""},"categories":[24,5],"tags":[26],"class_list":["post-78","post","type-post","status-publish","format-standard","has-post-thumbnail","hentry","category-archivio","category-progetti","tag-urbanistica","archivio","progetti"],"acf":[],"_links":{"self":[{"href":"https:\/\/studioperforma.it\/it\/wp-json\/wp\/v2\/posts\/78"}],"collection":[{"href":"https:\/\/studioperforma.it\/it\/wp-json\/wp\/v2\/posts"}],"about":[{"href":"https:\/\/studioperforma.it\/it\/wp-json\/wp\/v2\/types\/post"}],"author":[{"embeddable":true,"href":"https:\/\/studioperforma.it\/it\/wp-json\/wp\/v2\/users\/1"}],"replies":[{"embeddable":true,"href":"https:\/\/studioperforma.it\/it\/wp-json\/wp\/v2\/comments?post=78"}],"version-history":[{"count":39,"href":"https:\/\/studioperforma.it\/it\/wp-json\/wp\/v2\/posts\/78\/revisions"}],"predecessor-version":[{"id":84,"href":"https:\/\/studioperforma.it\/it\/wp-json\/wp\/v2\/posts\/78\/revisions\/84"}],"wp:featuredmedia":[{"embeddable":true,"href":"https:\/\/studioperforma.it\/it\/wp-json\/wp\/v2\/media\/143"}],"wp:attachment":[{"href":"https:\/\/studioperforma.it\/it\/wp-json\/wp\/v2\/media?parent=78"}],"wp:term":[{"taxonomy":"category","embeddable":true,"href":"https:\/\/studioperforma.it\/it\/wp-json\/wp\/v2\/categories?post=78"},{"taxonomy":"post_tag","embeddable":true,"href":"https:\/\/studioperforma.it\/it\/wp-json\/wp\/v2\/tags?post=78"}],"curies":[{"name":"wp","href":"https:\/\/api.w.org\/{rel}","templated":true}]}}