{"id":2465,"date":"2024-07-25T13:24:04","date_gmt":"2024-07-25T13:24:04","guid":{"rendered":"https:\/\/studioperforma.it\/?p=2465"},"modified":"2024-07-25T14:18:30","modified_gmt":"2024-07-25T14:18:30","slug":"headquarter-in-palazzo-montecatini","status":"publish","type":"post","link":"https:\/\/studioperforma.it\/it\/headquarter-in-palazzo-montecatini\/","title":{"rendered":"Headquarter in Palazzo Montecatini"},"content":{"rendered":"<p>Il progetto per la nuova sede della Mytilineos, leader internazionale nel settore delle energie rinnovabili, si colloca al 7\u00b0 piano di Palazzo Montecatini. Quest\u2019ultimo, realizzato su progetto di Gi\u00f2 Ponti negli anni 1935-38, rappresenta un emblema della politica autarchica del ventennio fascista, oltre a risultare un pionieristico esempio di corporate identity industriale nel nostro paese. In termini tipologici, l\u2019impianto adottato deriva da un\u2019attenta rilettura dell\u2019isolato di tradizione borghese, di cui reinterpreta le gerarchie urbane, traducendole in un\u2019architettura stilisticamente e funzionalmente unitaria. Ne deriva un impianto ad \u201cH\u201d, che prevede servizi comuni e collegamenti verticali nel braccio di connessione trasversale tra le due ali laterali, a prevalente sviluppo longitudinale, prospicienti la viabilit\u00e0 pubblica. Della summenzionata pianta tipo, gli uffici utilizzano un solo corpo di fabbrica, triplo strutturale, caratterizzato da un corridoio passante che distribuisce vani utili su entrambi i lati, parzialmente affacciati sull\u2019ingresso ad avancorte e sul cortile comune di servizio. La presenza di Ponti \u00e8 oggi riconoscibile unicamente nel sistema di facciata, vincolato, e nel sistema di scaffalature in alluminio previsto e realizzato sotto i davanzali delle finestre. La richiesta del committente di una soluzione distributiva a open space entra pertanto in tensione con le condizioni di vincolo esistenti. La soluzione realizzata, pertanto, si configura come cluster di stanze, variabili nelle dimensioni e nella relativa geometria, la cui configurazione pu\u00f2 facilmente variare al mutare delle necessit\u00e0 del lavoro. Determinante, in tale prospettiva, \u00e8 la caratterizzazione delle pareti attrezzate che qualificano le singole \u201cstanze\u201d, di cui vengono a definire le soglie di reciproca transizione, cos\u00ec suddivise in \u201cindividuali\u201d, \u201ccollettive\u201d e \u201ccomuni\u201d. Le prime sono destinate ai ruoli dirigenziali; le seconde agli operativi dei singoli dipartimenti in cui sono articolate le attivit\u00e0 della multinazionale, mentre le ultime comprendono tutti i servizi alla persona, dall\u2019accoglienza, al tempo libero, alla ristorazione e alle sale riunioni. In questo modo, l\u2019originaria subordinazione dei vani al corridoio viene contraddetta, trasformando quest\u2019ultimo da spazio servente a semplice attraversamento di spazi caratterizzati da soluzioni materiche e cromatiche differenti, riconducibili alla coerenza delle partizioni interne.<\/p>","protected":false},"excerpt":{"rendered":"<p>Il progetto per la nuova sede della Mytilineos, leader internazionale nel settore delle energie rinnovabili, si colloca al 7\u00b0 piano di Palazzo Montecatini. Quest\u2019ultimo, realizzato su progetto di Gi\u00f2 Ponti negli anni 1935-38, rappresenta un emblema della politica autarchica del ventennio fascista, oltre a risultare un pionieristico esempio di corporate identity industriale nel nostro paese. [&hellip;]<\/p>\n","protected":false},"author":1,"featured_media":2467,"comment_status":"closed","ping_status":"closed","sticky":false,"template":"","format":"standard","meta":{"_acf_changed":false,"footnotes":""},"categories":[5],"tags":[27],"class_list":["post-2465","post","type-post","status-publish","format-standard","has-post-thumbnail","hentry","category-progetti","tag-architettura","progetti"],"acf":[],"_links":{"self":[{"href":"https:\/\/studioperforma.it\/it\/wp-json\/wp\/v2\/posts\/2465"}],"collection":[{"href":"https:\/\/studioperforma.it\/it\/wp-json\/wp\/v2\/posts"}],"about":[{"href":"https:\/\/studioperforma.it\/it\/wp-json\/wp\/v2\/types\/post"}],"author":[{"embeddable":true,"href":"https:\/\/studioperforma.it\/it\/wp-json\/wp\/v2\/users\/1"}],"replies":[{"embeddable":true,"href":"https:\/\/studioperforma.it\/it\/wp-json\/wp\/v2\/comments?post=2465"}],"version-history":[{"count":2,"href":"https:\/\/studioperforma.it\/it\/wp-json\/wp\/v2\/posts\/2465\/revisions"}],"predecessor-version":[{"id":2475,"href":"https:\/\/studioperforma.it\/it\/wp-json\/wp\/v2\/posts\/2465\/revisions\/2475"}],"wp:featuredmedia":[{"embeddable":true,"href":"https:\/\/studioperforma.it\/it\/wp-json\/wp\/v2\/media\/2467"}],"wp:attachment":[{"href":"https:\/\/studioperforma.it\/it\/wp-json\/wp\/v2\/media?parent=2465"}],"wp:term":[{"taxonomy":"category","embeddable":true,"href":"https:\/\/studioperforma.it\/it\/wp-json\/wp\/v2\/categories?post=2465"},{"taxonomy":"post_tag","embeddable":true,"href":"https:\/\/studioperforma.it\/it\/wp-json\/wp\/v2\/tags?post=2465"}],"curies":[{"name":"wp","href":"https:\/\/api.w.org\/{rel}","templated":true}]}}