{"id":215,"date":"2012-09-07T08:04:50","date_gmt":"2012-09-07T08:04:50","guid":{"rendered":"http:\/\/stage.studioperforma.it\/?p=215"},"modified":"2016-01-28T16:58:21","modified_gmt":"2016-01-28T16:58:21","slug":"amati-design-hotel","status":"publish","type":"post","link":"https:\/\/studioperforma.it\/it\/amati-design-hotel\/","title":{"rendered":"Amat\u00ec Design Hotel"},"content":{"rendered":"<p><\/p>\n<p style=\"text-align: justify;\">L\u2019Amat\u00ec Design Hotel sorge nel territorio comunale di Zola Predosa\u00a0 in un\u2019area, tanto interclusa, quanto servita, da una capillare rete infrastrutturale di collegamenti viari di rango locale, sovracomunale, regionale sia su gomma che su ferro; tale\u00a0 rete dei collegamenti supporta in maniera eccellente, e ne determina la vocazione intrinseca, la funzione ricettiva del sito.<\/p>\n<p style=\"text-align: justify;\">La posizione strategica nel sistema della rete dei collegamenti e la conseguente elevata visibilit\u00e0 dell\u2019immobile, le dimensioni e la forma del lotto\u00a0 hanno definito le linee guida del progetto per quanto riguarda la composizione planimetrica e volumetrica del manufatto e del relativo orientamento.\u00a0 Primo obbiettivo progettuale \u00e8 stato quello di definire un volume complessivo semplice, dotato di carattere forte ed immediatamente riconoscibile e che,\u00a0 da ogni punto di vista e da ogni via\u00a0 di accesso all\u2019area, divenisse\u00a0 un segno caratterizzante il contesto ed il paesaggio.<\/p>\n<p style=\"text-align: justify;\">L\u2019impianto del Design Hotel \u00e8 moderno quanto semplice poich\u00e9 il volume \u00e8 il risultato dell\u2019intersezione di forme geometriche spaziali elementari, un parallelepipedo e due cilindri di testata; l\u2019intersezione delle volumetrie semplici ed i tagli delle pareti esterne conferiscono spinta dinamica al rigoroso e tradizionale impianto triplo distributivo dei piani delle camere consentendo l\u2019inserimento armonico del volume nella variet\u00e0 del paesaggio (pianura e collina) e nei flussi dinamici della mobilit\u00e0 che vi ruotano attorno.<\/p>\n<p style=\"text-align: justify;\">Valore aggiunto al disegno dei fronti esterni dell\u2019edificio ha conferito l\u2019utilizzo di un rivestimento di facciata che consentisse un effetto sempre cangiante nel colore in funzione della diversa incidenza dei raggi solari sulle superfici curve, su quelle a diversa giacitura o su quelle diversamente orientate. La pelle esterna \u00e8 stata quindi realizzata come facciata ventilata in pannelli di Alucobond\u00ae che in questa versione grigio satinata riflette parzialmente la luce solare enfatizzando la plasticit\u00e0 del\u2019edificio. Il materiale scelto per la facciata ha consentito, inoltre, di risolvere, senza soluzioni di continuit\u00e0, il problema delle ampie superficie curve, realizzate come tali e non come spezzate approssimate alla circonferenza, e di migliorare le prestazioni energetiche\u00a0 dell\u2019edificio, amplificate dall\u2019utilizzo congiunto di un importante pacchetto isolante che avvolge completamente l\u2019involucro e di infissi ad alte prestazioni termiche.<\/p>\n<p style=\"text-align: justify;\">L\u2019organizzazione funzionale dell\u2019edificio \u00e8 di tipo tradizionale con le zone comuni ed i servizi collocati al piano interrato e terra e con le camere situate tra il primo ed il quinto\u00a0 piano\u00a0 fuori terra.<\/p>\n<p style=\"text-align: justify;\">Le distribuzione delle camere ai piani, conforme al tradizionale schema con corridoio centrale e camere su ambo i lati, ha ordinato la geometria complessiva degli elementi verticali della struttura del corpo principale; le funzioni previste al piano terra si sono liberamente organizzate all\u2019interno della maglia, mentre, la previsione di sale riunioni, per le quali necessitano ampi spazi aperti privi di ingombri, hanno comportato la progettazione di un corpo basso, ad un solo piano fuori terra, espressamente\u00a0 dedicato alla funzione, addossato al corpo di fabbrica principale, ma da questo strutturalmente disgiunto.<\/p>\n<p style=\"text-align: justify;\">Tutti gli ambienti del piano terra si affacciano all\u2019esterno grazie a grandi superficie vetrate che creano continuit\u00e0 spaziale tra gli spazi chiusi e quelli aperti e\/o coperti. La permeabilit\u00e0 alla luce degli spazi al piano terra \u00e8 un altro degli elementi che\u00a0 testimoniano la grande attenzione del progetto alla luce ed al colore che, come\u00a0 gi\u00e0 visto, ha orientato nella scelta della finitura delle facciate esterne, ma\u00a0 che\u00a0 ritrova negli spazi interni elemento fortemente caratterizzante.<\/p>\n<p style=\"text-align: justify;\">L\u2019ingresso, la hall, la reception, gli spazi comuni, la sala colazione\/ristorante e le sale riunioni si caratterizzano per un rigoroso utilizzo del colore nero (parzialmente lucido) per i pavimenti e del colore bianco per tutti gli elementi verticali e di arredo fissi; in tal modo la luce naturale che filtra dall\u2019esterno amplifica gli spazi e si diffonde nell\u2019ambiente secondo cromie differenti ma sempre controllate dal riflesso negato-amplificato delle tonalit\u00e0 scura e chiara.<\/p>\n<p style=\"text-align: justify;\">Il rigore delle volumetrie esterne si riflette nel disegno degli elementi di arredo fissi quali il banco reception\u00a0 ed il banco buffet entrambi di colore bianco: l\u2019effetto di\u00a0 plasticit\u00e0 materica di tali\u00a0 arredi \u00e8 stata affidata al\u00a0 Corian\u00ae materiale facilmente manutenibile nella pulizia, resistente all\u2019usura\u00a0 e di facile ripristino in caso di scalfitture superficiali.<\/p>\n<p style=\"text-align: justify;\">Il rigore della cromia degli spazi comuni \u00e8 rotto dall\u2019inserimento di alcuni arredi colorati e da un attento studio della luce artificiale, altro elemento fortemente caratterizzante il progetto.\u00a0 In tutti gli spazi e servizi comuni al piano terra, dalla hall alle sale riunioni, i controsoffitti si fanno fonte di luce, sono essi stessi corpi illuminanti; in tali ambienti si \u00e8, infatti, fatto ricorso al Barrisol\u00ae, un materiale plastico tessile traslucido, retro-illuminato con strips di led a controllo luminoso RGB. Tutti gli ambienti possono assumere aspetto diverso in funzione del controllo delle luce e dei livelli di luminosit\u00e0 dei controsoffitti.<\/p>\n<p style=\"text-align: justify;\">Il colore \u00e8 protagonista anche ai piani delle camere dove, su idea della medesima Committenza, si \u00e8 scelto di caratterizzare ogni piano in maniera specifica con suggestioni che rimandano ognuno ad un diverso continente: Europa, Africa, Asia e America. La scelta specifica delle cromie dei pavimenti, i colori prevalenti nelle camere e nei corridoi, i rivestimenti ceramici dei bagni, la scelta ed il disegno degli arredi, \u00e8 stata fatta per fornire diverse atmosfere e rimandare alle immagini elle suggestioni tipiche di ogni continente. Nel piano Europa prevalgono linee essenziali di arredi e colori pi\u00f9 freddi; nel piano Africa prevalgono i colori naturali della terra e del legno e le linee morbide degli arredi imbottiti; nel piano Asia linee morbide e colori caldi; nel piano America atmosfere rigorose che rimandano allo stile tipico d\u2019oltre oceano degli anni 60 e dei miti americani.<\/p>\n<p style=\"text-align: justify;\">Anche all\u2019esterno la luce ed il colore sono protagonisti. Dell\u2019illuminazione naturale e del rapporto con il materiale di facciata si \u00e8 gi\u00e0 parlato. Per quanto riguarda quella artificiale \u00e8 stata posta particolare cura\u00a0 nello studio dei fasci di luce diretti verso l\u2019edificio, delle luci indirette della pensilina e della fontana della zona di accesso, in tutta la parte porticata, nel posizionamento delle luci radenti ai pilastri e di altre a pavimento e soffitto modulabili cromaticamente RGB, in quelle colorate perimetrali ai tagli delle vetrate verticali dei vani scala e a quelle di colore blu che marcano i tagli dei volumi circolari accentuando l\u2019effetto plastico dell\u2019edifico durante le ore notturne.<\/p>\n<p><\/p>","protected":false},"excerpt":{"rendered":"<p>L\u2019Amat\u00ec Design Hotel sorge nel territorio comunale di Zola Predosa\u00a0 in un\u2019area, tanto interclusa, quanto servita, da una capillare rete infrastrutturale di collegamenti viari di rango locale, sovracomunale, regionale sia su gomma che su ferro; tale\u00a0 rete dei collegamenti supporta in maniera eccellente, e ne determina la vocazione intrinseca, la funzione ricettiva del sito. La [&hellip;]<\/p>\n","protected":false},"author":1,"featured_media":405,"comment_status":"closed","ping_status":"closed","sticky":false,"template":"","format":"standard","meta":{"_acf_changed":false,"footnotes":""},"categories":[24,5],"tags":[27],"class_list":["post-215","post","type-post","status-publish","format-standard","has-post-thumbnail","hentry","category-archivio","category-progetti","tag-architettura","archivio","progetti"],"acf":[],"_links":{"self":[{"href":"https:\/\/studioperforma.it\/it\/wp-json\/wp\/v2\/posts\/215"}],"collection":[{"href":"https:\/\/studioperforma.it\/it\/wp-json\/wp\/v2\/posts"}],"about":[{"href":"https:\/\/studioperforma.it\/it\/wp-json\/wp\/v2\/types\/post"}],"author":[{"embeddable":true,"href":"https:\/\/studioperforma.it\/it\/wp-json\/wp\/v2\/users\/1"}],"replies":[{"embeddable":true,"href":"https:\/\/studioperforma.it\/it\/wp-json\/wp\/v2\/comments?post=215"}],"version-history":[{"count":18,"href":"https:\/\/studioperforma.it\/it\/wp-json\/wp\/v2\/posts\/215\/revisions"}],"predecessor-version":[{"id":218,"href":"https:\/\/studioperforma.it\/it\/wp-json\/wp\/v2\/posts\/215\/revisions\/218"}],"wp:featuredmedia":[{"embeddable":true,"href":"https:\/\/studioperforma.it\/it\/wp-json\/wp\/v2\/media\/405"}],"wp:attachment":[{"href":"https:\/\/studioperforma.it\/it\/wp-json\/wp\/v2\/media?parent=215"}],"wp:term":[{"taxonomy":"category","embeddable":true,"href":"https:\/\/studioperforma.it\/it\/wp-json\/wp\/v2\/categories?post=215"},{"taxonomy":"post_tag","embeddable":true,"href":"https:\/\/studioperforma.it\/it\/wp-json\/wp\/v2\/tags?post=215"}],"curies":[{"name":"wp","href":"https:\/\/api.w.org\/{rel}","templated":true}]}}