{"id":187,"date":"2012-09-06T13:11:36","date_gmt":"2012-09-06T13:11:36","guid":{"rendered":"http:\/\/stage.studioperforma.it\/?p=187"},"modified":"2013-07-03T16:32:50","modified_gmt":"2013-07-03T16:32:50","slug":"padiglione-della-citta-di-bologna-al-world-expo-2010-2-premio","status":"publish","type":"post","link":"https:\/\/studioperforma.it\/it\/padiglione-della-citta-di-bologna-al-world-expo-2010-2-premio\/","title":{"rendered":"Padiglione della citt\u00e0 di Bologna al Word Expo 2010"},"content":{"rendered":"<p><\/p>\n<p style=\"text-align: justify;\">Il progetto, proiettato idealmente nel futuro prossimo, intende far coesistere, cultura materiale ed immateriale, intimit\u00e0 dello spazio architettonico e dinamismo di un esterno urbano, isolamento e relazionalit\u00e0 a rete, reale e virtuale, continuit\u00e0 e discontinuit\u00e0, dimensione individuale e collettiva, programmabilit\u00e0 e imprevedibilit\u00e0 degli eventi. In tal modo si intende costruire virtualmente le condizione di comunicazione a cui \u00e8 quotidianamente esposto l\u2019individuo nella \u201csociet\u00e0 liquida\u201d, simulando situazioni in cui l\u2019esperienza privata sfuma e si mescola in quella pubblica, producendo articolazioni inedite, sollecitata in condizioni di simultaneit\u00e0 da un ampio spettro di messaggi. Questo obiettivo \u00e8 perseguito attraverso l\u2019identificazione di stanze a tema (che abbiamo denominato \u201dwunderkammer\u201d o \u201cstanze delle meraviglie\u201d in coerenza con l\u2019origine cinquecentesca del termine identificante una raccolta di oggetti straordinari), che si dispongono in modo agerarchico all\u2019interno del padiglione espositivo. Ci\u00f2 consente di stabilire un principio minimo di ordine nell\u2019articolazione dello spazio le stanze- corrispondendo alle 4 motivazioni che hanno giustificato la selezione della citt\u00e0 di Bologna nell\u2019 Urban Best Prectice Area e alla necessit\u00e0 espressa dal committente di avere un corner dedicato ad attivit\u00e0 commerciali e promozionali- oltre a garantire una FRUIZIONE LIBERA degli ambiti interstiziali, intesi quali parti integranti della proposta. La COMPLESSITA\u2019 della proposta deriva dalla coesistenza di modalit\u00e0 complementari di esposizione all\u2019interno di ogni Wunderkammer, o \u201cstanza delle Meraviglie\u201d: per ognuna delle motivazioni ufficiali- \u00a0Cultura e creativit\u00e0, Innovazione e tecnologia, Diritti umani e partecipazione sociale, Trasformazioni urbanistiche e infrastrutturali coesistono oggetti emblematici della produzione di eccellenza del bacino bolognese, video divulgativi del territorio e di promozione dei processi produttivi, immagini in grado di restituire l\u2019atmosfera della citt\u00e0, disegni e plastici delle pi\u00f9 significative trasformazioni in corso, editoria specialistica e divulgativa sulla citt\u00e0 e i suoi eventi. Lo SPAZIO SMATERIALIZZATO dell\u2019immagine, quale tratto prevalente della proposta, entra in risonanza con la presenza dinamica e mutevole dei visitatori, che diventano parte attiva dell\u2019evento: performance, logica commerciale, funzione espositivo-museale e logica pubblicitaria si riverberano nello spazio, moltiplicando gli effetti reciproci. Il sistema di opportunit\u00e0 offerto dalla citt\u00e0 reale viene virtualmente rappreso, e accelerato, nella dimensione a scala umana di un \u201cpaesaggio domestico\u201d, che il progetto intende restituire.<\/p>\n<p><\/p>","protected":false},"excerpt":{"rendered":"<p>Il progetto, proiettato idealmente nel futuro prossimo, intende far coesistere, cultura materiale ed immateriale, intimit\u00e0 dello spazio architettonico e dinamismo di un esterno urbano, isolamento e relazionalit\u00e0 a rete, reale e virtuale, continuit\u00e0 e discontinuit\u00e0, dimensione individuale e collettiva, programmabilit\u00e0 e imprevedibilit\u00e0 degli eventi. In tal modo si intende costruire virtualmente le condizione di comunicazione [&hellip;]<\/p>\n","protected":false},"author":1,"featured_media":191,"comment_status":"closed","ping_status":"closed","sticky":false,"template":"","format":"standard","meta":{"_acf_changed":false,"footnotes":""},"categories":[24,5],"tags":[25],"class_list":["post-187","post","type-post","status-publish","format-standard","has-post-thumbnail","hentry","category-archivio","category-progetti","tag-allestimentiinterni","archivio","progetti"],"acf":[],"_links":{"self":[{"href":"https:\/\/studioperforma.it\/it\/wp-json\/wp\/v2\/posts\/187"}],"collection":[{"href":"https:\/\/studioperforma.it\/it\/wp-json\/wp\/v2\/posts"}],"about":[{"href":"https:\/\/studioperforma.it\/it\/wp-json\/wp\/v2\/types\/post"}],"author":[{"embeddable":true,"href":"https:\/\/studioperforma.it\/it\/wp-json\/wp\/v2\/users\/1"}],"replies":[{"embeddable":true,"href":"https:\/\/studioperforma.it\/it\/wp-json\/wp\/v2\/comments?post=187"}],"version-history":[{"count":11,"href":"https:\/\/studioperforma.it\/it\/wp-json\/wp\/v2\/posts\/187\/revisions"}],"predecessor-version":[{"id":890,"href":"https:\/\/studioperforma.it\/it\/wp-json\/wp\/v2\/posts\/187\/revisions\/890"}],"wp:featuredmedia":[{"embeddable":true,"href":"https:\/\/studioperforma.it\/it\/wp-json\/wp\/v2\/media\/191"}],"wp:attachment":[{"href":"https:\/\/studioperforma.it\/it\/wp-json\/wp\/v2\/media?parent=187"}],"wp:term":[{"taxonomy":"category","embeddable":true,"href":"https:\/\/studioperforma.it\/it\/wp-json\/wp\/v2\/categories?post=187"},{"taxonomy":"post_tag","embeddable":true,"href":"https:\/\/studioperforma.it\/it\/wp-json\/wp\/v2\/tags?post=187"}],"curies":[{"name":"wp","href":"https:\/\/api.w.org\/{rel}","templated":true}]}}