{"id":1855,"date":"2019-12-11T09:42:57","date_gmt":"2019-12-11T09:42:57","guid":{"rendered":"http:\/\/studioperforma.it\/?p=1855"},"modified":"2020-01-16T08:48:25","modified_gmt":"2020-01-16T08:48:25","slug":"la-citta-dellinclusione","status":"publish","type":"post","link":"https:\/\/studioperforma.it\/it\/la-citta-dellinclusione\/","title":{"rendered":"La citt\u00e0 dell&#8217;inclusione"},"content":{"rendered":"<p>La citt\u00e0 dell\u2019inclusione \u00e8 il titolo di una mostra a inviti curata da Francesco Messina e Laura Zerella presso il museo MACRO di Roma. I progettisti sono chiamati a riflettere sulle trasformazioni urbane indotte dai fenomeni migratori e, pi\u00f9 in generale, dalla crisi dei processi di globalizzazione, attraverso \u201cdisegni di invenzione\u201d e \u201cprogetti teorici\u201d, attivando una molteplicit\u00e0 di sollecitazioni disciplinari. Lo studio PERFORMA A+U interpreta il tema in relazione alle pratiche di rigenerazione del patrimonio edilizio, quale clamoroso effetto dei fenomeni dismissivi generati dalla summenzionata crisi, evidenziando le opportunit\u00e0 latenti che essi offrono per ripensare la cultura del lavoro. RAVONE_CITTA\u2019 APERTA diventa in tal modo il titolo di un \u201cManifesto pro-attivo\u201d attraverso il quale quattro magazzini di un ex scalo ferroviario a Bologna diventano teatri di posa che ospitano una ideale pi\u00e8ce teatrale che mette in scena il rapporto tra \u201cfare\u201d e \u201csapere fare\u201d nella citt\u00e0 contemporanea. In tale prospettiva, la citt\u00e0 in transizione viene a rappresentare la citt\u00e0 dell\u2019inclusione, partendo dal presupposto che l\u2019innovazione radicale esige la preventiva liberazione delle energie trattenute da un sistema di valori di cui la citt\u00e0 \u00e8 incorporazione operante, attraverso un atto creativo. Questa intuizione \u00e8 implicita in tutte le rivoluzioni. Le Avanguardie, a vario titolo, ne hanno fatto il proprio Manifesto. Il tema dell\u2019inclusione si esprime pertanto nella zona di instabilit\u00e0 tra un mondo che non \u00e8 pi\u00f9 e quello che non \u00e8 ancora. La revisione degli strumenti urbanistici e l\u2019emergere di nuovi soggetti che rivendicano un ruolo nella comunit\u00e0 che viene, invitano pertanto a ricercare l\u2019inclusione negli ambiti in trasformazione. L\u2019ex-scalo ferroviario Ravone a Bologna, consentendo pratiche di rivendicazione di aree e fabbricati abbandonati, permette in tal modo di riflettere sul rinnovamento economico, sociale, culturale e politico della citt\u00e0, stabilendo una relazione \u201ccircolare\u201d tra educazione, prototipazione, produzione e consumo.<\/p>","protected":false},"excerpt":{"rendered":"<p>La citt\u00e0 dell\u2019inclusione \u00e8 il titolo di una mostra a inviti curata da Francesco Messina e Laura Zerella presso il museo MACRO di Roma. I progettisti sono chiamati a riflettere sulle trasformazioni urbane indotte dai fenomeni migratori e, pi\u00f9 in generale, dalla crisi dei processi di globalizzazione, attraverso \u201cdisegni di invenzione\u201d e \u201cprogetti teorici\u201d, attivando [&hellip;]<\/p>\n","protected":false},"author":1,"featured_media":1856,"comment_status":"closed","ping_status":"closed","sticky":true,"template":"","format":"standard","meta":{"_acf_changed":false,"footnotes":""},"categories":[24,5],"tags":[36],"class_list":["post-1855","post","type-post","status-publish","format-standard","has-post-thumbnail","hentry","category-archivio","category-progetti","tag-exhibition","archivio","progetti"],"acf":[],"_links":{"self":[{"href":"https:\/\/studioperforma.it\/it\/wp-json\/wp\/v2\/posts\/1855"}],"collection":[{"href":"https:\/\/studioperforma.it\/it\/wp-json\/wp\/v2\/posts"}],"about":[{"href":"https:\/\/studioperforma.it\/it\/wp-json\/wp\/v2\/types\/post"}],"author":[{"embeddable":true,"href":"https:\/\/studioperforma.it\/it\/wp-json\/wp\/v2\/users\/1"}],"replies":[{"embeddable":true,"href":"https:\/\/studioperforma.it\/it\/wp-json\/wp\/v2\/comments?post=1855"}],"version-history":[{"count":7,"href":"https:\/\/studioperforma.it\/it\/wp-json\/wp\/v2\/posts\/1855\/revisions"}],"predecessor-version":[{"id":1929,"href":"https:\/\/studioperforma.it\/it\/wp-json\/wp\/v2\/posts\/1855\/revisions\/1929"}],"wp:featuredmedia":[{"embeddable":true,"href":"https:\/\/studioperforma.it\/it\/wp-json\/wp\/v2\/media\/1856"}],"wp:attachment":[{"href":"https:\/\/studioperforma.it\/it\/wp-json\/wp\/v2\/media?parent=1855"}],"wp:term":[{"taxonomy":"category","embeddable":true,"href":"https:\/\/studioperforma.it\/it\/wp-json\/wp\/v2\/categories?post=1855"},{"taxonomy":"post_tag","embeddable":true,"href":"https:\/\/studioperforma.it\/it\/wp-json\/wp\/v2\/tags?post=1855"}],"curies":[{"name":"wp","href":"https:\/\/api.w.org\/{rel}","templated":true}]}}